{"id":1014,"date":"2025-05-27T09:39:45","date_gmt":"2025-05-27T09:39:45","guid":{"rendered":"https:\/\/www.bestenakku.com\/blog\/?p=1014"},"modified":"2025-05-27T09:39:46","modified_gmt":"2025-05-27T09:39:46","slug":"fevm-bringt-fa-ex9-mini-pc-mit-ryzen-ai-max-395-apu-und-16-zen-5-kernen-auf-den-markt","status":"publish","type":"post","link":"https:\/\/www.bestenakku.com\/blog\/2025\/05\/27\/fevm-bringt-fa-ex9-mini-pc-mit-ryzen-ai-max-395-apu-und-16-zen-5-kernen-auf-den-markt\/","title":{"rendered":"FEVM bringt FA-EX9 Mini-PC mit Ryzen AI Max+ 395 APU und 16 Zen-5-Kernen auf den Markt"},"content":{"rendered":"\n<p>FEVM hat offiziell den FA-EX9 Mini-PC in China vorgestellt \u2013 ein kompaktes System mit AMDs neuem Ryzen AI Max+ 395 APU. Dieser Chip verf\u00fcgt \u00fcber 16 Zen-5-Kerne und eine integrierte Radeon 8060S-GPU mit 40 Recheneinheiten, was ihn in die Lage versetzt, moderne AAA-Spiele in 1080p ohne dedizierte Grafikkarte auszuf\u00fchren.<\/p>\n\n\n\n<p>&gt;&gt;&gt;<a href=\"https:\/\/www.bestenakku.com\/detail\/1747652\/PT704060-2S\">Akku f\u00fcr Other PT704060-2S, PT704060-2S 1800mAh<\/a><\/p>\n\n\n\n<p>Der FA-EX9 ist in einem 2-Liter-Geh\u00e4use aus Aluminiumlegierung untergebracht und verf\u00fcgt \u00fcber ein fortschrittliches K\u00fchlsystem, das es der Ryzen-APU erm\u00f6glicht, dauerhaft eine Leistungsaufnahme von 120 W aufrechtzuerhalten. Das Ger\u00e4t unterst\u00fctzt bis zu 128 GB LPDDR5X-8000 RAM und bietet zwei M.2-PCIe-4.0-SSD-Steckpl\u00e4tze. Eine integrierte Taste f\u00fcr den Leistungsmodus erlaubt es dem Nutzer, zwischen verschiedenen Energieprofilen umzuschalten.<\/p>\n\n\n\n<p>Das System bietet eine umfangreiche Auswahl an Anschl\u00fcssen:<\/p>\n\n\n\n<ul class=\"wp-block-list\">\n<li>1 \u00d7 OCuLink (zur Unterst\u00fctzung externer GPUs)<\/li>\n\n\n\n<li>2 \u00d7 USB4<\/li>\n\n\n\n<li>3 \u00d7 USB 3.2 Typ-A<\/li>\n\n\n\n<li>2 \u00d7 USB 2.0 Typ-A<\/li>\n\n\n\n<li>1 \u00d7 HDMI 2.1<\/li>\n\n\n\n<li>1 \u00d7 DisplayPort 2.1<\/li>\n\n\n\n<li>1 \u00d7 SD 4.0 Kartenleser<\/li>\n\n\n\n<li>1 \u00d7 2.5G Ethernet (LAN)<\/li>\n\n\n\n<li>2 \u00d7 3,5-mm-Audioanschl\u00fcsse<\/li>\n<\/ul>\n\n\n\n<figure class=\"wp-block-image\"><img decoding=\"async\" src=\"https:\/\/www.notebookcheck.net\/fileadmin\/_processed_\/9\/2\/csm_Design-and-port-configuration-of-the-FEVM-FA-EX9_fc7bf60265.png\" alt=\"\"\/><\/figure>\n\n\n\n<p>F\u00fcr drahtlose Konnektivit\u00e4t unterst\u00fctzt der FA-EX9 WiFi 7 und Bluetooth (Version nicht angegeben).<\/p>\n\n\n\n<p>&gt;&gt;&gt;<a href=\"https:\/\/www.bestenakku.com\/detail\/1747654\/NP960QGK-KG1US\">Netzteil f\u00fcr Samsung Galaxy Book4 Pro 360 , 65W<\/a><\/p>\n\n\n\n<p>FEVM hat den FA-EX9 mit einem Preis von 13.999 CNY (~1.943 USD) versehen. Obwohl es noch keine Best\u00e4tigung f\u00fcr eine internationale Verf\u00fcgbarkeit gibt, hat das Unternehmen bereits Erfahrung mit globalen Produkteinf\u00fchrungen.<\/p>\n","protected":false},"excerpt":{"rendered":"<p>FEVM hat offiziell den FA-EX9 Mini-PC in China vorgestellt \u2013 ein kompaktes System mit AMDs neuem Ryzen AI Max+ 395 APU. Dieser Chip verf\u00fcgt \u00fcber 16 Zen-5-Kerne und eine integrierte Radeon 8060S-GPU mit 40 Recheneinheiten, was ihn in die Lage versetzt, moderne AAA-Spiele in 1080p ohne dedizierte Grafikkarte auszuf\u00fchren. &gt;&gt;&gt;Akku f\u00fcr Other PT704060-2S, PT704060-2S 1800mAh Der FA-EX9 ist in einem 2-Liter-Geh\u00e4use aus Aluminiumlegierung untergebracht und verf\u00fcgt \u00fcber ein fortschrittliches K\u00fchlsystem, das es der Ryzen-APU erm\u00f6glicht, dauerhaft eine Leistungsaufnahme von 120&#8230;<\/p>\n<p class=\"read-more\"><a class=\"btn btn-default\" href=\"https:\/\/www.bestenakku.com\/blog\/2025\/05\/27\/fevm-bringt-fa-ex9-mini-pc-mit-ryzen-ai-max-395-apu-und-16-zen-5-kernen-auf-den-markt\/\">Weiterlesen<span class=\"screen-reader-text\"> Weiterlesen<\/span><\/a><\/p>\n","protected":false},"author":1,"featured_media":0,"comment_status":"open","ping_status":"open","sticky":false,"template":"","format":"standard","meta":{"footnotes":""},"categories":[1],"tags":[],"class_list":["post-1014","post","type-post","status-publish","format-standard","hentry","category-news"],"yoast_head":"<!-- This site is optimized with the Yoast SEO plugin v23.8 - https:\/\/yoast.com\/wordpress\/plugins\/seo\/ -->\n<title>FEVM bringt FA-EX9 Mini-PC mit Ryzen AI Max+ 395 APU und 16 Zen-5-Kernen auf den Markt - Akkus und Zubeh\u00f6r Blog<\/title>\n<meta name=\"description\" content=\"FEVM hat offiziell den FA-EX9 Mini-PC in China vorgestellt \u2013 ein kompaktes System mit AMDs neuem Ryzen AI Max+ 395 APU. Dieser Chip verf\u00fcgt \u00fcber 16 Zen-5-Kerne und eine integrierte Radeon 8060S-GPU mit 40 Recheneinheiten, was ihn in die Lage versetzt, moderne AAA-Spiele in 1080p ohne dedizierte Grafikkarte auszuf\u00fchren.\" \/>\n<meta name=\"robots\" content=\"index, follow, max-snippet:-1, max-image-preview:large, max-video-preview:-1\" \/>\n<link rel=\"canonical\" href=\"https:\/\/www.bestenakku.com\/blog\/2025\/05\/27\/fevm-bringt-fa-ex9-mini-pc-mit-ryzen-ai-max-395-apu-und-16-zen-5-kernen-auf-den-markt\/\" \/>\n<meta property=\"og:locale\" content=\"de_DE\" \/>\n<meta property=\"og:type\" content=\"article\" \/>\n<meta property=\"og:title\" content=\"FEVM bringt FA-EX9 Mini-PC mit Ryzen AI Max+ 395 APU und 16 Zen-5-Kernen auf den Markt - Akkus und Zubeh\u00f6r Blog\" \/>\n<meta property=\"og:description\" content=\"FEVM hat offiziell den FA-EX9 Mini-PC in China vorgestellt \u2013 ein kompaktes System mit AMDs neuem Ryzen AI Max+ 395 APU. Dieser Chip verf\u00fcgt \u00fcber 16 Zen-5-Kerne und eine integrierte Radeon 8060S-GPU mit 40 Recheneinheiten, was ihn in die Lage versetzt, moderne AAA-Spiele in 1080p ohne dedizierte Grafikkarte auszuf\u00fchren.\" \/>\n<meta property=\"og:url\" content=\"https:\/\/www.bestenakku.com\/blog\/2025\/05\/27\/fevm-bringt-fa-ex9-mini-pc-mit-ryzen-ai-max-395-apu-und-16-zen-5-kernen-auf-den-markt\/\" \/>\n<meta property=\"og:site_name\" content=\"Akkus und Zubeh\u00f6r Blog\" \/>\n<meta property=\"article:published_time\" content=\"2025-05-27T09:39:45+00:00\" \/>\n<meta property=\"article:modified_time\" content=\"2025-05-27T09:39:46+00:00\" \/>\n<meta property=\"og:image\" content=\"https:\/\/www.notebookcheck.net\/fileadmin\/_processed_\/9\/2\/csm_Design-and-port-configuration-of-the-FEVM-FA-EX9_fc7bf60265.png\" \/>\n<meta name=\"author\" content=\"admin\" \/>\n<meta name=\"twitter:card\" content=\"summary_large_image\" \/>\n<meta name=\"twitter:label1\" content=\"Verfasst von\" \/>\n\t<meta name=\"twitter:data1\" content=\"admin\" \/>\n\t<meta name=\"twitter:label2\" content=\"Gesch\u00e4tzte Lesezeit\" \/>\n\t<meta name=\"twitter:data2\" content=\"2\u00a0Minuten\" \/>\n<script type=\"application\/ld+json\" class=\"yoast-schema-graph\">{\"@context\":\"https:\/\/schema.org\",\"@graph\":[{\"@type\":\"WebPage\",\"@id\":\"https:\/\/www.bestenakku.com\/blog\/2025\/05\/27\/fevm-bringt-fa-ex9-mini-pc-mit-ryzen-ai-max-395-apu-und-16-zen-5-kernen-auf-den-markt\/\",\"url\":\"https:\/\/www.bestenakku.com\/blog\/2025\/05\/27\/fevm-bringt-fa-ex9-mini-pc-mit-ryzen-ai-max-395-apu-und-16-zen-5-kernen-auf-den-markt\/\",\"name\":\"FEVM bringt FA-EX9 Mini-PC mit Ryzen AI Max+ 395 APU und 16 Zen-5-Kernen auf den Markt - Akkus und Zubeh\u00f6r Blog\",\"isPartOf\":{\"@id\":\"https:\/\/www.bestenakku.com\/blog\/#website\"},\"primaryImageOfPage\":{\"@id\":\"https:\/\/www.bestenakku.com\/blog\/2025\/05\/27\/fevm-bringt-fa-ex9-mini-pc-mit-ryzen-ai-max-395-apu-und-16-zen-5-kernen-auf-den-markt\/#primaryimage\"},\"image\":{\"@id\":\"https:\/\/www.bestenakku.com\/blog\/2025\/05\/27\/fevm-bringt-fa-ex9-mini-pc-mit-ryzen-ai-max-395-apu-und-16-zen-5-kernen-auf-den-markt\/#primaryimage\"},\"thumbnailUrl\":\"https:\/\/www.notebookcheck.net\/fileadmin\/_processed_\/9\/2\/csm_Design-and-port-configuration-of-the-FEVM-FA-EX9_fc7bf60265.png\",\"datePublished\":\"2025-05-27T09:39:45+00:00\",\"dateModified\":\"2025-05-27T09:39:46+00:00\",\"author\":{\"@id\":\"https:\/\/www.bestenakku.com\/blog\/#\/schema\/person\/e185d065a8caeea2afc3744f840013a8\"},\"description\":\"FEVM hat offiziell den FA-EX9 Mini-PC in China vorgestellt \u2013 ein kompaktes System mit AMDs neuem Ryzen AI Max+ 395 APU. Dieser Chip verf\u00fcgt \u00fcber 16 Zen-5-Kerne und eine integrierte Radeon 8060S-GPU mit 40 Recheneinheiten, was ihn in die Lage versetzt, moderne AAA-Spiele in 1080p ohne dedizierte Grafikkarte auszuf\u00fchren.\",\"breadcrumb\":{\"@id\":\"https:\/\/www.bestenakku.com\/blog\/2025\/05\/27\/fevm-bringt-fa-ex9-mini-pc-mit-ryzen-ai-max-395-apu-und-16-zen-5-kernen-auf-den-markt\/#breadcrumb\"},\"inLanguage\":\"de\",\"potentialAction\":[{\"@type\":\"ReadAction\",\"target\":[\"https:\/\/www.bestenakku.com\/blog\/2025\/05\/27\/fevm-bringt-fa-ex9-mini-pc-mit-ryzen-ai-max-395-apu-und-16-zen-5-kernen-auf-den-markt\/\"]}]},{\"@type\":\"ImageObject\",\"inLanguage\":\"de\",\"@id\":\"https:\/\/www.bestenakku.com\/blog\/2025\/05\/27\/fevm-bringt-fa-ex9-mini-pc-mit-ryzen-ai-max-395-apu-und-16-zen-5-kernen-auf-den-markt\/#primaryimage\",\"url\":\"https:\/\/www.notebookcheck.net\/fileadmin\/_processed_\/9\/2\/csm_Design-and-port-configuration-of-the-FEVM-FA-EX9_fc7bf60265.png\",\"contentUrl\":\"https:\/\/www.notebookcheck.net\/fileadmin\/_processed_\/9\/2\/csm_Design-and-port-configuration-of-the-FEVM-FA-EX9_fc7bf60265.png\"},{\"@type\":\"BreadcrumbList\",\"@id\":\"https:\/\/www.bestenakku.com\/blog\/2025\/05\/27\/fevm-bringt-fa-ex9-mini-pc-mit-ryzen-ai-max-395-apu-und-16-zen-5-kernen-auf-den-markt\/#breadcrumb\",\"itemListElement\":[{\"@type\":\"ListItem\",\"position\":1,\"name\":\"Startseite\",\"item\":\"https:\/\/www.bestenakku.com\/blog\/\"},{\"@type\":\"ListItem\",\"position\":2,\"name\":\"FEVM bringt FA-EX9 Mini-PC mit Ryzen AI Max+ 395 APU und 16 Zen-5-Kernen auf den Markt\"}]},{\"@type\":\"WebSite\",\"@id\":\"https:\/\/www.bestenakku.com\/blog\/#website\",\"url\":\"https:\/\/www.bestenakku.com\/blog\/\",\"name\":\"Akkus und Zubeh\u00f6r Blog\",\"description\":\"Mehr als 35000 ersatzakkus und Ladeger\u00e4te vorr\u00e4tig bieten wir unserer kunden ein bereits und tiefes sortiment zu attraktiven preisen.\",\"potentialAction\":[{\"@type\":\"SearchAction\",\"target\":{\"@type\":\"EntryPoint\",\"urlTemplate\":\"https:\/\/www.bestenakku.com\/blog\/?s={search_term_string}\"},\"query-input\":{\"@type\":\"PropertyValueSpecification\",\"valueRequired\":true,\"valueName\":\"search_term_string\"}}],\"inLanguage\":\"de\"},{\"@type\":\"Person\",\"@id\":\"https:\/\/www.bestenakku.com\/blog\/#\/schema\/person\/e185d065a8caeea2afc3744f840013a8\",\"name\":\"admin\",\"image\":{\"@type\":\"ImageObject\",\"inLanguage\":\"de\",\"@id\":\"https:\/\/www.bestenakku.com\/blog\/#\/schema\/person\/image\/\",\"url\":\"https:\/\/secure.gravatar.com\/avatar\/a8a3ea536dad1093e08790886e676955ce5d3bc6f5bfa80fd9134bc27ee19aeb?s=96&d=mm&r=g\",\"contentUrl\":\"https:\/\/secure.gravatar.com\/avatar\/a8a3ea536dad1093e08790886e676955ce5d3bc6f5bfa80fd9134bc27ee19aeb?s=96&d=mm&r=g\",\"caption\":\"admin\"},\"sameAs\":[\"https:\/\/www.bestenakku.com\/blog\"],\"url\":\"https:\/\/www.bestenakku.com\/blog\/author\/admin\/\"}]}<\/script>\n<!-- \/ Yoast SEO plugin. -->","yoast_head_json":{"title":"FEVM bringt FA-EX9 Mini-PC mit Ryzen AI Max+ 395 APU und 16 Zen-5-Kernen auf den Markt - Akkus und Zubeh\u00f6r Blog","description":"FEVM hat offiziell den FA-EX9 Mini-PC in China vorgestellt \u2013 ein kompaktes System mit AMDs neuem Ryzen AI Max+ 395 APU. Dieser Chip verf\u00fcgt \u00fcber 16 Zen-5-Kerne und eine integrierte Radeon 8060S-GPU mit 40 Recheneinheiten, was ihn in die Lage versetzt, moderne AAA-Spiele in 1080p ohne dedizierte Grafikkarte auszuf\u00fchren.","robots":{"index":"index","follow":"follow","max-snippet":"max-snippet:-1","max-image-preview":"max-image-preview:large","max-video-preview":"max-video-preview:-1"},"canonical":"https:\/\/www.bestenakku.com\/blog\/2025\/05\/27\/fevm-bringt-fa-ex9-mini-pc-mit-ryzen-ai-max-395-apu-und-16-zen-5-kernen-auf-den-markt\/","og_locale":"de_DE","og_type":"article","og_title":"FEVM bringt FA-EX9 Mini-PC mit Ryzen AI Max+ 395 APU und 16 Zen-5-Kernen auf den Markt - Akkus und Zubeh\u00f6r Blog","og_description":"FEVM hat offiziell den FA-EX9 Mini-PC in China vorgestellt \u2013 ein kompaktes System mit AMDs neuem Ryzen AI Max+ 395 APU. Dieser Chip verf\u00fcgt \u00fcber 16 Zen-5-Kerne und eine integrierte Radeon 8060S-GPU mit 40 Recheneinheiten, was ihn in die Lage versetzt, moderne AAA-Spiele in 1080p ohne dedizierte Grafikkarte auszuf\u00fchren.","og_url":"https:\/\/www.bestenakku.com\/blog\/2025\/05\/27\/fevm-bringt-fa-ex9-mini-pc-mit-ryzen-ai-max-395-apu-und-16-zen-5-kernen-auf-den-markt\/","og_site_name":"Akkus und Zubeh\u00f6r Blog","article_published_time":"2025-05-27T09:39:45+00:00","article_modified_time":"2025-05-27T09:39:46+00:00","og_image":[{"url":"https:\/\/www.notebookcheck.net\/fileadmin\/_processed_\/9\/2\/csm_Design-and-port-configuration-of-the-FEVM-FA-EX9_fc7bf60265.png"}],"author":"admin","twitter_card":"summary_large_image","twitter_misc":{"Verfasst von":"admin","Gesch\u00e4tzte Lesezeit":"2\u00a0Minuten"},"schema":{"@context":"https:\/\/schema.org","@graph":[{"@type":"WebPage","@id":"https:\/\/www.bestenakku.com\/blog\/2025\/05\/27\/fevm-bringt-fa-ex9-mini-pc-mit-ryzen-ai-max-395-apu-und-16-zen-5-kernen-auf-den-markt\/","url":"https:\/\/www.bestenakku.com\/blog\/2025\/05\/27\/fevm-bringt-fa-ex9-mini-pc-mit-ryzen-ai-max-395-apu-und-16-zen-5-kernen-auf-den-markt\/","name":"FEVM bringt FA-EX9 Mini-PC mit Ryzen AI Max+ 395 APU und 16 Zen-5-Kernen auf den Markt - Akkus und Zubeh\u00f6r Blog","isPartOf":{"@id":"https:\/\/www.bestenakku.com\/blog\/#website"},"primaryImageOfPage":{"@id":"https:\/\/www.bestenakku.com\/blog\/2025\/05\/27\/fevm-bringt-fa-ex9-mini-pc-mit-ryzen-ai-max-395-apu-und-16-zen-5-kernen-auf-den-markt\/#primaryimage"},"image":{"@id":"https:\/\/www.bestenakku.com\/blog\/2025\/05\/27\/fevm-bringt-fa-ex9-mini-pc-mit-ryzen-ai-max-395-apu-und-16-zen-5-kernen-auf-den-markt\/#primaryimage"},"thumbnailUrl":"https:\/\/www.notebookcheck.net\/fileadmin\/_processed_\/9\/2\/csm_Design-and-port-configuration-of-the-FEVM-FA-EX9_fc7bf60265.png","datePublished":"2025-05-27T09:39:45+00:00","dateModified":"2025-05-27T09:39:46+00:00","author":{"@id":"https:\/\/www.bestenakku.com\/blog\/#\/schema\/person\/e185d065a8caeea2afc3744f840013a8"},"description":"FEVM hat offiziell den FA-EX9 Mini-PC in China vorgestellt \u2013 ein kompaktes System mit AMDs neuem Ryzen AI Max+ 395 APU. Dieser Chip verf\u00fcgt \u00fcber 16 Zen-5-Kerne und eine integrierte Radeon 8060S-GPU mit 40 Recheneinheiten, was ihn in die Lage versetzt, moderne AAA-Spiele in 1080p ohne dedizierte Grafikkarte auszuf\u00fchren.","breadcrumb":{"@id":"https:\/\/www.bestenakku.com\/blog\/2025\/05\/27\/fevm-bringt-fa-ex9-mini-pc-mit-ryzen-ai-max-395-apu-und-16-zen-5-kernen-auf-den-markt\/#breadcrumb"},"inLanguage":"de","potentialAction":[{"@type":"ReadAction","target":["https:\/\/www.bestenakku.com\/blog\/2025\/05\/27\/fevm-bringt-fa-ex9-mini-pc-mit-ryzen-ai-max-395-apu-und-16-zen-5-kernen-auf-den-markt\/"]}]},{"@type":"ImageObject","inLanguage":"de","@id":"https:\/\/www.bestenakku.com\/blog\/2025\/05\/27\/fevm-bringt-fa-ex9-mini-pc-mit-ryzen-ai-max-395-apu-und-16-zen-5-kernen-auf-den-markt\/#primaryimage","url":"https:\/\/www.notebookcheck.net\/fileadmin\/_processed_\/9\/2\/csm_Design-and-port-configuration-of-the-FEVM-FA-EX9_fc7bf60265.png","contentUrl":"https:\/\/www.notebookcheck.net\/fileadmin\/_processed_\/9\/2\/csm_Design-and-port-configuration-of-the-FEVM-FA-EX9_fc7bf60265.png"},{"@type":"BreadcrumbList","@id":"https:\/\/www.bestenakku.com\/blog\/2025\/05\/27\/fevm-bringt-fa-ex9-mini-pc-mit-ryzen-ai-max-395-apu-und-16-zen-5-kernen-auf-den-markt\/#breadcrumb","itemListElement":[{"@type":"ListItem","position":1,"name":"Startseite","item":"https:\/\/www.bestenakku.com\/blog\/"},{"@type":"ListItem","position":2,"name":"FEVM bringt FA-EX9 Mini-PC mit Ryzen AI Max+ 395 APU und 16 Zen-5-Kernen auf den Markt"}]},{"@type":"WebSite","@id":"https:\/\/www.bestenakku.com\/blog\/#website","url":"https:\/\/www.bestenakku.com\/blog\/","name":"Akkus und Zubeh\u00f6r Blog","description":"Mehr als 35000 ersatzakkus und Ladeger\u00e4te vorr\u00e4tig bieten wir unserer kunden ein bereits und tiefes sortiment zu attraktiven preisen.","potentialAction":[{"@type":"SearchAction","target":{"@type":"EntryPoint","urlTemplate":"https:\/\/www.bestenakku.com\/blog\/?s={search_term_string}"},"query-input":{"@type":"PropertyValueSpecification","valueRequired":true,"valueName":"search_term_string"}}],"inLanguage":"de"},{"@type":"Person","@id":"https:\/\/www.bestenakku.com\/blog\/#\/schema\/person\/e185d065a8caeea2afc3744f840013a8","name":"admin","image":{"@type":"ImageObject","inLanguage":"de","@id":"https:\/\/www.bestenakku.com\/blog\/#\/schema\/person\/image\/","url":"https:\/\/secure.gravatar.com\/avatar\/a8a3ea536dad1093e08790886e676955ce5d3bc6f5bfa80fd9134bc27ee19aeb?s=96&d=mm&r=g","contentUrl":"https:\/\/secure.gravatar.com\/avatar\/a8a3ea536dad1093e08790886e676955ce5d3bc6f5bfa80fd9134bc27ee19aeb?s=96&d=mm&r=g","caption":"admin"},"sameAs":["https:\/\/www.bestenakku.com\/blog"],"url":"https:\/\/www.bestenakku.com\/blog\/author\/admin\/"}]}},"_links":{"self":[{"href":"https:\/\/www.bestenakku.com\/blog\/wp-json\/wp\/v2\/posts\/1014","targetHints":{"allow":["GET"]}}],"collection":[{"href":"https:\/\/www.bestenakku.com\/blog\/wp-json\/wp\/v2\/posts"}],"about":[{"href":"https:\/\/www.bestenakku.com\/blog\/wp-json\/wp\/v2\/types\/post"}],"author":[{"embeddable":true,"href":"https:\/\/www.bestenakku.com\/blog\/wp-json\/wp\/v2\/users\/1"}],"replies":[{"embeddable":true,"href":"https:\/\/www.bestenakku.com\/blog\/wp-json\/wp\/v2\/comments?post=1014"}],"version-history":[{"count":1,"href":"https:\/\/www.bestenakku.com\/blog\/wp-json\/wp\/v2\/posts\/1014\/revisions"}],"predecessor-version":[{"id":1015,"href":"https:\/\/www.bestenakku.com\/blog\/wp-json\/wp\/v2\/posts\/1014\/revisions\/1015"}],"wp:attachment":[{"href":"https:\/\/www.bestenakku.com\/blog\/wp-json\/wp\/v2\/media?parent=1014"}],"wp:term":[{"taxonomy":"category","embeddable":true,"href":"https:\/\/www.bestenakku.com\/blog\/wp-json\/wp\/v2\/categories?post=1014"},{"taxonomy":"post_tag","embeddable":true,"href":"https:\/\/www.bestenakku.com\/blog\/wp-json\/wp\/v2\/tags?post=1014"}],"curies":[{"name":"wp","href":"https:\/\/api.w.org\/{rel}","templated":true}]}}